{"id":22,"date":"2017-06-12T19:12:11","date_gmt":"2017-06-12T19:12:11","guid":{"rendered":"https:\/\/www.terracuranda.org\/tc\/2017\/06\/12\/jornada-dia-mundial-de-los-oceanos-ub-mundus-maris-2017\/"},"modified":"2022-03-13T21:23:13","modified_gmt":"2022-03-13T21:23:13","slug":"jornada-dia-mundial-de-los-oceanos-ub-mundus-maris-2017","status":"publish","type":"post","link":"https:\/\/www.terracuranda.org\/tc\/2017\/06\/12\/jornada-dia-mundial-de-los-oceanos-ub-mundus-maris-2017\/","title":{"rendered":"Jornada D\u00eda Mundial de los Oc\u00e9anos UB-Mundus maris 2017"},"content":{"rendered":"<p style=\"text-align: justify;\">\n<p><span style=\"font-size: 18pt;\">1ra Jornada D\u00eda Mundial de los Oc\u00e9anos UB-Mundus maris 2017<\/span><\/p>\n<p>\u00a1As\u00ed se vivi\u00f3 el D\u00eda Mundial de los Oc\u00e9anos en Argentina!<\/p>\n<p>&#8220;El pasado viernes 9 de junio, en la Universidad de Belgrano, Buenos Aires, luego de las palabras inaugurales, en representaci\u00f3n del Rector y del Decano de la Facultad de Ciencias Exactas y Naturales, de la Dra. Lili\u00e1n Ferr\u00e9, se proyect\u00f3 el corto institucional del evento recordando a Jorge Luis Borges. A continuaci\u00f3n, tom\u00f3 la palabra la presidente de Mundus maris, Dra. Cornelia Nauen, quien hizo hincapi\u00e9 en las tres principales amenazas que sufren hoy los oc\u00e9anos.<\/p>\n<p><!--more--><\/p>\n<p>Fueron los disertantes del evento:<\/p>\n<p>Dra. Carolina Luchetti, presidente en ejercicio de la Asociaci\u00f3n de Graduados en Ciencias Biol\u00f3gicas (CABA)<\/p>\n<p>Lic. Guillermo Ca\u00f1ete, de Fundaci\u00f3n Vida Silvestre Argentina<\/p>\n<p>Lic. Gabriel Blanco, del Instituto Nacional de Investigaci\u00f3n y Desarrollo Pesquero (INIDEP)<\/p>\n<p>Bi\u00f3logo An\u00edbal Seleme, presidente de la Federaci\u00f3n de Asociaciones Profesionales de Graduados en Ciencias Biol\u00f3gicas (FABPIO).<\/p>\n<p>CPN \u00c1ngel F. Colombo, Lic. Magdalena Contreras May\u00e9n e Ing. Leandro Gurruchaga, del Club de Pescadores de Buenos Aires.<\/p>\n<p>Dra. Patricia Morales, profesora invitada de la Universidad de Lovaina y presidente de Terra curanda.<\/p>\n<p>Maestro Gonzalo \u00c1lvarez, artista pl\u00e1stico comprometido con la conservaci\u00f3n de la naturaleza.<\/p>\n<p>Lic. Manuel Szwarc, presidente de \u00c1rboles sin fronteras.<\/p>\n<p>El evento fue conducido por el Dr. Marcelo Morales Yokobori, a cargo de Recursos Marinos y de Ecolog\u00eda y Conservaci\u00f3n, c\u00e1tedras organizadoras del evento.<\/p>\n<p>Nuestro profundo agradecimiento a la Universidad de Belgrano, y especialmente al Dr. Hern\u00e1n Aldana Marcos, la Dra. Lili\u00e1n Ferr\u00e9 y al equipo de estudiantes de la carrera de Biolog\u00eda por hacer posible este evento.&#8221;<\/p>\n","protected":false},"excerpt":{"rendered":"<p>1ra Jornada D\u00eda Mundial de los Oc\u00e9anos UB-Mundus maris 2017 \u00a1As\u00ed se vivi\u00f3 el D\u00eda Mundial de los Oc\u00e9anos en Argentina! &#8220;El pasado viernes 9 de junio, en la Universidad de Belgrano, Buenos Aires, luego de las palabras inaugurales, en representaci\u00f3n del Rector y del Decano de la Facultad de Ciencias Exactas y Naturales, de [&hellip;]<\/p>\n","protected":false},"author":1,"featured_media":21,"comment_status":"closed","ping_status":"closed","sticky":false,"template":"","format":"standard","meta":{"footnotes":""},"categories":[24,9],"tags":[],"class_list":["post-22","post","type-post","status-publish","format-standard","has-post-thumbnail","hentry","category-actividades","category-mundus-maris"],"yoast_head":"<!-- This site is optimized with the Yoast SEO plugin v28.3 - https:\/\/yoast.com\/product\/yoast-seo-wordpress\/ -->\n<title>Jornada D\u00eda Mundial de los Oc\u00e9anos UB-Mundus maris 2017 - Cuidemos el planeta<\/title>\n<meta name=\"robots\" content=\"index, follow, max-snippet:-1, max-image-preview:large, max-video-preview:-1\" \/>\n<link rel=\"canonical\" href=\"https:\/\/www.terracuranda.org\/tc\/2017\/06\/12\/jornada-dia-mundial-de-los-oceanos-ub-mundus-maris-2017\/\" \/>\n<meta property=\"og:locale\" content=\"es_ES\" \/>\n<meta property=\"og:type\" content=\"article\" \/>\n<meta property=\"og:title\" content=\"Jornada D\u00eda Mundial de los Oc\u00e9anos UB-Mundus maris 2017 - Cuidemos el planeta\" \/>\n<meta property=\"og:description\" content=\"1ra Jornada D\u00eda Mundial de los Oc\u00e9anos UB-Mundus maris 2017 \u00a1As\u00ed se vivi\u00f3 el D\u00eda Mundial de los Oc\u00e9anos en Argentina! &#8220;El pasado viernes 9 de junio, en la Universidad de Belgrano, Buenos Aires, luego de las palabras inaugurales, en representaci\u00f3n del Rector y del Decano de la Facultad de Ciencias Exactas y Naturales, de [&hellip;]\" \/>\n<meta property=\"og:url\" content=\"https:\/\/www.terracuranda.org\/tc\/2017\/06\/12\/jornada-dia-mundial-de-los-oceanos-ub-mundus-maris-2017\/\" \/>\n<meta property=\"og:site_name\" content=\"Cuidemos el planeta\" \/>\n<meta property=\"article:published_time\" content=\"2017-06-12T19:12:11+00:00\" \/>\n<meta property=\"article:modified_time\" content=\"2022-03-13T21:23:13+00:00\" \/>\n<meta property=\"og:image\" content=\"https:\/\/www.terracuranda.org\/tc\/wp-content\/uploads\/2017\/06\/images_Patricia-Morales-1_01.JPG\" \/>\n\t<meta property=\"og:image:width\" content=\"1200\" \/>\n\t<meta property=\"og:image:height\" content=\"797\" \/>\n\t<meta property=\"og:image:type\" content=\"image\/jpeg\" \/>\n<meta name=\"author\" content=\"Editor\" \/>\n<meta name=\"twitter:card\" content=\"summary_large_image\" \/>\n<meta name=\"twitter:label1\" content=\"Escrito por\" \/>\n\t<meta name=\"twitter:data1\" content=\"Editor\" \/>\n\t<meta name=\"twitter:label2\" content=\"Tiempo de lectura\" \/>\n\t<meta name=\"twitter:data2\" content=\"1 minuto\" \/>\n<script type=\"application\/ld+json\" class=\"yoast-schema-graph\">{\"@context\":\"https:\\\/\\\/schema.org\",\"@graph\":[{\"@type\":\"Article\",\"@id\":\"https:\\\/\\\/www.terracuranda.org\\\/tc\\\/2017\\\/06\\\/12\\\/jornada-dia-mundial-de-los-oceanos-ub-mundus-maris-2017\\\/#article\",\"isPartOf\":{\"@id\":\"https:\\\/\\\/www.terracuranda.org\\\/tc\\\/2017\\\/06\\\/12\\\/jornada-dia-mundial-de-los-oceanos-ub-mundus-maris-2017\\\/\"},\"author\":{\"name\":\"Editor\",\"@id\":\"https:\\\/\\\/www.terracuranda.org\\\/tc\\\/#\\\/schema\\\/person\\\/0f4e34389090b9020cc8ba3950ff6825\"},\"headline\":\"Jornada D\u00eda Mundial de los Oc\u00e9anos UB-Mundus maris 2017\",\"datePublished\":\"2017-06-12T19:12:11+00:00\",\"dateModified\":\"2022-03-13T21:23:13+00:00\",\"mainEntityOfPage\":{\"@id\":\"https:\\\/\\\/www.terracuranda.org\\\/tc\\\/2017\\\/06\\\/12\\\/jornada-dia-mundial-de-los-oceanos-ub-mundus-maris-2017\\\/\"},\"wordCount\":299,\"publisher\":{\"@id\":\"https:\\\/\\\/www.terracuranda.org\\\/tc\\\/#organization\"},\"image\":{\"@id\":\"https:\\\/\\\/www.terracuranda.org\\\/tc\\\/2017\\\/06\\\/12\\\/jornada-dia-mundial-de-los-oceanos-ub-mundus-maris-2017\\\/#primaryimage\"},\"thumbnailUrl\":\"https:\\\/\\\/www.terracuranda.org\\\/tc\\\/wp-content\\\/uploads\\\/2017\\\/06\\\/images_Patricia-Morales-1_01.JPG\",\"articleSection\":[\"Actividades\",\"Mundus maris\"],\"inLanguage\":\"es\"},{\"@type\":\"WebPage\",\"@id\":\"https:\\\/\\\/www.terracuranda.org\\\/tc\\\/2017\\\/06\\\/12\\\/jornada-dia-mundial-de-los-oceanos-ub-mundus-maris-2017\\\/\",\"url\":\"https:\\\/\\\/www.terracuranda.org\\\/tc\\\/2017\\\/06\\\/12\\\/jornada-dia-mundial-de-los-oceanos-ub-mundus-maris-2017\\\/\",\"name\":\"Jornada D\u00eda Mundial de los Oc\u00e9anos UB-Mundus maris 2017 - Cuidemos el planeta\",\"isPartOf\":{\"@id\":\"https:\\\/\\\/www.terracuranda.org\\\/tc\\\/#website\"},\"primaryImageOfPage\":{\"@id\":\"https:\\\/\\\/www.terracuranda.org\\\/tc\\\/2017\\\/06\\\/12\\\/jornada-dia-mundial-de-los-oceanos-ub-mundus-maris-2017\\\/#primaryimage\"},\"image\":{\"@id\":\"https:\\\/\\\/www.terracuranda.org\\\/tc\\\/2017\\\/06\\\/12\\\/jornada-dia-mundial-de-los-oceanos-ub-mundus-maris-2017\\\/#primaryimage\"},\"thumbnailUrl\":\"https:\\\/\\\/www.terracuranda.org\\\/tc\\\/wp-content\\\/uploads\\\/2017\\\/06\\\/images_Patricia-Morales-1_01.JPG\",\"datePublished\":\"2017-06-12T19:12:11+00:00\",\"dateModified\":\"2022-03-13T21:23:13+00:00\",\"breadcrumb\":{\"@id\":\"https:\\\/\\\/www.terracuranda.org\\\/tc\\\/2017\\\/06\\\/12\\\/jornada-dia-mundial-de-los-oceanos-ub-mundus-maris-2017\\\/#breadcrumb\"},\"inLanguage\":\"es\",\"potentialAction\":[{\"@type\":\"ReadAction\",\"target\":[\"https:\\\/\\\/www.terracuranda.org\\\/tc\\\/2017\\\/06\\\/12\\\/jornada-dia-mundial-de-los-oceanos-ub-mundus-maris-2017\\\/\"]}]},{\"@type\":\"ImageObject\",\"inLanguage\":\"es\",\"@id\":\"https:\\\/\\\/www.terracuranda.org\\\/tc\\\/2017\\\/06\\\/12\\\/jornada-dia-mundial-de-los-oceanos-ub-mundus-maris-2017\\\/#primaryimage\",\"url\":\"https:\\\/\\\/www.terracuranda.org\\\/tc\\\/wp-content\\\/uploads\\\/2017\\\/06\\\/images_Patricia-Morales-1_01.JPG\",\"contentUrl\":\"https:\\\/\\\/www.terracuranda.org\\\/tc\\\/wp-content\\\/uploads\\\/2017\\\/06\\\/images_Patricia-Morales-1_01.JPG\",\"width\":1200,\"height\":797},{\"@type\":\"BreadcrumbList\",\"@id\":\"https:\\\/\\\/www.terracuranda.org\\\/tc\\\/2017\\\/06\\\/12\\\/jornada-dia-mundial-de-los-oceanos-ub-mundus-maris-2017\\\/#breadcrumb\",\"itemListElement\":[{\"@type\":\"ListItem\",\"position\":1,\"name\":\"Portada\",\"item\":\"https:\\\/\\\/www.terracuranda.org\\\/tc\\\/\"},{\"@type\":\"ListItem\",\"position\":2,\"name\":\"Jornada D\u00eda Mundial de los Oc\u00e9anos UB-Mundus maris 2017\"}]},{\"@type\":\"WebSite\",\"@id\":\"https:\\\/\\\/www.terracuranda.org\\\/tc\\\/#website\",\"url\":\"https:\\\/\\\/www.terracuranda.org\\\/tc\\\/\",\"name\":\"Cuidemos el planeta\",\"description\":\"The Earth should be cared\",\"publisher\":{\"@id\":\"https:\\\/\\\/www.terracuranda.org\\\/tc\\\/#organization\"},\"potentialAction\":[{\"@type\":\"SearchAction\",\"target\":{\"@type\":\"EntryPoint\",\"urlTemplate\":\"https:\\\/\\\/www.terracuranda.org\\\/tc\\\/?s={search_term_string}\"},\"query-input\":{\"@type\":\"PropertyValueSpecification\",\"valueRequired\":true,\"valueName\":\"search_term_string\"}}],\"inLanguage\":\"es\"},{\"@type\":\"Organization\",\"@id\":\"https:\\\/\\\/www.terracuranda.org\\\/tc\\\/#organization\",\"name\":\"Cuidemos el planeta\",\"url\":\"https:\\\/\\\/www.terracuranda.org\\\/tc\\\/\",\"logo\":{\"@type\":\"ImageObject\",\"inLanguage\":\"es\",\"@id\":\"https:\\\/\\\/www.terracuranda.org\\\/tc\\\/#\\\/schema\\\/logo\\\/image\\\/\",\"url\":\"https:\\\/\\\/www.terracuranda.org\\\/tc\\\/wp-content\\\/uploads\\\/2021\\\/12\\\/cropped-Logo-2014-mediano-2.png\",\"contentUrl\":\"https:\\\/\\\/www.terracuranda.org\\\/tc\\\/wp-content\\\/uploads\\\/2021\\\/12\\\/cropped-Logo-2014-mediano-2.png\",\"width\":535,\"height\":395,\"caption\":\"Cuidemos el planeta\"},\"image\":{\"@id\":\"https:\\\/\\\/www.terracuranda.org\\\/tc\\\/#\\\/schema\\\/logo\\\/image\\\/\"}},{\"@type\":\"Person\",\"@id\":\"https:\\\/\\\/www.terracuranda.org\\\/tc\\\/#\\\/schema\\\/person\\\/0f4e34389090b9020cc8ba3950ff6825\",\"name\":\"Editor\",\"image\":{\"@type\":\"ImageObject\",\"inLanguage\":\"es\",\"@id\":\"https:\\\/\\\/secure.gravatar.com\\\/avatar\\\/2a667a11955414c44f075b594792b456b9580ef38af58c4a494848b63a8cb99a?s=96&d=mm&r=g\",\"url\":\"https:\\\/\\\/secure.gravatar.com\\\/avatar\\\/2a667a11955414c44f075b594792b456b9580ef38af58c4a494848b63a8cb99a?s=96&d=mm&r=g\",\"contentUrl\":\"https:\\\/\\\/secure.gravatar.com\\\/avatar\\\/2a667a11955414c44f075b594792b456b9580ef38af58c4a494848b63a8cb99a?s=96&d=mm&r=g\",\"caption\":\"Editor\"},\"sameAs\":[\"http:\\\/\\\/www.terracuranda.org\\\/tc\"],\"url\":\"https:\\\/\\\/www.terracuranda.org\\\/tc\\\/author\\\/admin\\\/\"}]}<\/script>\n<!-- \/ Yoast SEO plugin. -->","yoast_head_json":{"title":"Jornada D\u00eda Mundial de los Oc\u00e9anos UB-Mundus maris 2017 - Cuidemos el planeta","robots":{"index":"index","follow":"follow","max-snippet":"max-snippet:-1","max-image-preview":"max-image-preview:large","max-video-preview":"max-video-preview:-1"},"canonical":"https:\/\/www.terracuranda.org\/tc\/2017\/06\/12\/jornada-dia-mundial-de-los-oceanos-ub-mundus-maris-2017\/","og_locale":"es_ES","og_type":"article","og_title":"Jornada D\u00eda Mundial de los Oc\u00e9anos UB-Mundus maris 2017 - Cuidemos el planeta","og_description":"1ra Jornada D\u00eda Mundial de los Oc\u00e9anos UB-Mundus maris 2017 \u00a1As\u00ed se vivi\u00f3 el D\u00eda Mundial de los Oc\u00e9anos en Argentina! &#8220;El pasado viernes 9 de junio, en la Universidad de Belgrano, Buenos Aires, luego de las palabras inaugurales, en representaci\u00f3n del Rector y del Decano de la Facultad de Ciencias Exactas y Naturales, de [&hellip;]","og_url":"https:\/\/www.terracuranda.org\/tc\/2017\/06\/12\/jornada-dia-mundial-de-los-oceanos-ub-mundus-maris-2017\/","og_site_name":"Cuidemos el planeta","article_published_time":"2017-06-12T19:12:11+00:00","article_modified_time":"2022-03-13T21:23:13+00:00","og_image":[{"width":1200,"height":797,"url":"https:\/\/www.terracuranda.org\/tc\/wp-content\/uploads\/2017\/06\/images_Patricia-Morales-1_01.JPG","type":"image\/jpeg"}],"author":"Editor","twitter_card":"summary_large_image","twitter_misc":{"Escrito por":"Editor","Tiempo de lectura":"1 minuto"},"schema":{"@context":"https:\/\/schema.org","@graph":[{"@type":"Article","@id":"https:\/\/www.terracuranda.org\/tc\/2017\/06\/12\/jornada-dia-mundial-de-los-oceanos-ub-mundus-maris-2017\/#article","isPartOf":{"@id":"https:\/\/www.terracuranda.org\/tc\/2017\/06\/12\/jornada-dia-mundial-de-los-oceanos-ub-mundus-maris-2017\/"},"author":{"name":"Editor","@id":"https:\/\/www.terracuranda.org\/tc\/#\/schema\/person\/0f4e34389090b9020cc8ba3950ff6825"},"headline":"Jornada D\u00eda Mundial de los Oc\u00e9anos UB-Mundus maris 2017","datePublished":"2017-06-12T19:12:11+00:00","dateModified":"2022-03-13T21:23:13+00:00","mainEntityOfPage":{"@id":"https:\/\/www.terracuranda.org\/tc\/2017\/06\/12\/jornada-dia-mundial-de-los-oceanos-ub-mundus-maris-2017\/"},"wordCount":299,"publisher":{"@id":"https:\/\/www.terracuranda.org\/tc\/#organization"},"image":{"@id":"https:\/\/www.terracuranda.org\/tc\/2017\/06\/12\/jornada-dia-mundial-de-los-oceanos-ub-mundus-maris-2017\/#primaryimage"},"thumbnailUrl":"https:\/\/www.terracuranda.org\/tc\/wp-content\/uploads\/2017\/06\/images_Patricia-Morales-1_01.JPG","articleSection":["Actividades","Mundus maris"],"inLanguage":"es"},{"@type":"WebPage","@id":"https:\/\/www.terracuranda.org\/tc\/2017\/06\/12\/jornada-dia-mundial-de-los-oceanos-ub-mundus-maris-2017\/","url":"https:\/\/www.terracuranda.org\/tc\/2017\/06\/12\/jornada-dia-mundial-de-los-oceanos-ub-mundus-maris-2017\/","name":"Jornada D\u00eda Mundial de los Oc\u00e9anos UB-Mundus maris 2017 - Cuidemos el planeta","isPartOf":{"@id":"https:\/\/www.terracuranda.org\/tc\/#website"},"primaryImageOfPage":{"@id":"https:\/\/www.terracuranda.org\/tc\/2017\/06\/12\/jornada-dia-mundial-de-los-oceanos-ub-mundus-maris-2017\/#primaryimage"},"image":{"@id":"https:\/\/www.terracuranda.org\/tc\/2017\/06\/12\/jornada-dia-mundial-de-los-oceanos-ub-mundus-maris-2017\/#primaryimage"},"thumbnailUrl":"https:\/\/www.terracuranda.org\/tc\/wp-content\/uploads\/2017\/06\/images_Patricia-Morales-1_01.JPG","datePublished":"2017-06-12T19:12:11+00:00","dateModified":"2022-03-13T21:23:13+00:00","breadcrumb":{"@id":"https:\/\/www.terracuranda.org\/tc\/2017\/06\/12\/jornada-dia-mundial-de-los-oceanos-ub-mundus-maris-2017\/#breadcrumb"},"inLanguage":"es","potentialAction":[{"@type":"ReadAction","target":["https:\/\/www.terracuranda.org\/tc\/2017\/06\/12\/jornada-dia-mundial-de-los-oceanos-ub-mundus-maris-2017\/"]}]},{"@type":"ImageObject","inLanguage":"es","@id":"https:\/\/www.terracuranda.org\/tc\/2017\/06\/12\/jornada-dia-mundial-de-los-oceanos-ub-mundus-maris-2017\/#primaryimage","url":"https:\/\/www.terracuranda.org\/tc\/wp-content\/uploads\/2017\/06\/images_Patricia-Morales-1_01.JPG","contentUrl":"https:\/\/www.terracuranda.org\/tc\/wp-content\/uploads\/2017\/06\/images_Patricia-Morales-1_01.JPG","width":1200,"height":797},{"@type":"BreadcrumbList","@id":"https:\/\/www.terracuranda.org\/tc\/2017\/06\/12\/jornada-dia-mundial-de-los-oceanos-ub-mundus-maris-2017\/#breadcrumb","itemListElement":[{"@type":"ListItem","position":1,"name":"Portada","item":"https:\/\/www.terracuranda.org\/tc\/"},{"@type":"ListItem","position":2,"name":"Jornada D\u00eda Mundial de los Oc\u00e9anos UB-Mundus maris 2017"}]},{"@type":"WebSite","@id":"https:\/\/www.terracuranda.org\/tc\/#website","url":"https:\/\/www.terracuranda.org\/tc\/","name":"Cuidemos el planeta","description":"The Earth should be cared","publisher":{"@id":"https:\/\/www.terracuranda.org\/tc\/#organization"},"potentialAction":[{"@type":"SearchAction","target":{"@type":"EntryPoint","urlTemplate":"https:\/\/www.terracuranda.org\/tc\/?s={search_term_string}"},"query-input":{"@type":"PropertyValueSpecification","valueRequired":true,"valueName":"search_term_string"}}],"inLanguage":"es"},{"@type":"Organization","@id":"https:\/\/www.terracuranda.org\/tc\/#organization","name":"Cuidemos el planeta","url":"https:\/\/www.terracuranda.org\/tc\/","logo":{"@type":"ImageObject","inLanguage":"es","@id":"https:\/\/www.terracuranda.org\/tc\/#\/schema\/logo\/image\/","url":"https:\/\/www.terracuranda.org\/tc\/wp-content\/uploads\/2021\/12\/cropped-Logo-2014-mediano-2.png","contentUrl":"https:\/\/www.terracuranda.org\/tc\/wp-content\/uploads\/2021\/12\/cropped-Logo-2014-mediano-2.png","width":535,"height":395,"caption":"Cuidemos el planeta"},"image":{"@id":"https:\/\/www.terracuranda.org\/tc\/#\/schema\/logo\/image\/"}},{"@type":"Person","@id":"https:\/\/www.terracuranda.org\/tc\/#\/schema\/person\/0f4e34389090b9020cc8ba3950ff6825","name":"Editor","image":{"@type":"ImageObject","inLanguage":"es","@id":"https:\/\/secure.gravatar.com\/avatar\/2a667a11955414c44f075b594792b456b9580ef38af58c4a494848b63a8cb99a?s=96&d=mm&r=g","url":"https:\/\/secure.gravatar.com\/avatar\/2a667a11955414c44f075b594792b456b9580ef38af58c4a494848b63a8cb99a?s=96&d=mm&r=g","contentUrl":"https:\/\/secure.gravatar.com\/avatar\/2a667a11955414c44f075b594792b456b9580ef38af58c4a494848b63a8cb99a?s=96&d=mm&r=g","caption":"Editor"},"sameAs":["http:\/\/www.terracuranda.org\/tc"],"url":"https:\/\/www.terracuranda.org\/tc\/author\/admin\/"}]}},"_links":{"self":[{"href":"https:\/\/www.terracuranda.org\/tc\/wp-json\/wp\/v2\/posts\/22","targetHints":{"allow":["GET"]}}],"collection":[{"href":"https:\/\/www.terracuranda.org\/tc\/wp-json\/wp\/v2\/posts"}],"about":[{"href":"https:\/\/www.terracuranda.org\/tc\/wp-json\/wp\/v2\/types\/post"}],"author":[{"embeddable":true,"href":"https:\/\/www.terracuranda.org\/tc\/wp-json\/wp\/v2\/users\/1"}],"replies":[{"embeddable":true,"href":"https:\/\/www.terracuranda.org\/tc\/wp-json\/wp\/v2\/comments?post=22"}],"version-history":[{"count":1,"href":"https:\/\/www.terracuranda.org\/tc\/wp-json\/wp\/v2\/posts\/22\/revisions"}],"predecessor-version":[{"id":112,"href":"https:\/\/www.terracuranda.org\/tc\/wp-json\/wp\/v2\/posts\/22\/revisions\/112"}],"wp:featuredmedia":[{"embeddable":true,"href":"https:\/\/www.terracuranda.org\/tc\/wp-json\/wp\/v2\/media\/21"}],"wp:attachment":[{"href":"https:\/\/www.terracuranda.org\/tc\/wp-json\/wp\/v2\/media?parent=22"}],"wp:term":[{"taxonomy":"category","embeddable":true,"href":"https:\/\/www.terracuranda.org\/tc\/wp-json\/wp\/v2\/categories?post=22"},{"taxonomy":"post_tag","embeddable":true,"href":"https:\/\/www.terracuranda.org\/tc\/wp-json\/wp\/v2\/tags?post=22"}],"curies":[{"name":"wp","href":"https:\/\/api.w.org\/{rel}","templated":true}]}}