{"id":300,"date":"2022-03-14T01:12:32","date_gmt":"2022-03-14T01:12:32","guid":{"rendered":"https:\/\/www.terracuranda.org\/tc\/?p=300"},"modified":"2024-12-31T19:49:45","modified_gmt":"2024-12-31T19:49:45","slug":"inteligencia-emocional-y-etica-de-la-responsabilidad-solidaria-como-contribuir-hoy-a-una-pedagogia-humanizada","status":"publish","type":"post","link":"https:\/\/www.terracuranda.org\/tc\/2022\/03\/14\/inteligencia-emocional-y-etica-de-la-responsabilidad-solidaria-como-contribuir-hoy-a-una-pedagogia-humanizada\/","title":{"rendered":"Inteligencia emocional y \u00e9tica de la responsabilidad solidaria: como contribuir hoy a una pedagog\u00eda humanizada"},"content":{"rendered":"\n<p class=\"wp-block-paragraph\"><strong>Mar\u00eda del Carmen Patricia Morales<\/strong><\/p>\n\n\n<div class=\"wp-block-pdfemb-pdf-embedder-viewer\"><a href=\"https:\/\/www.terracuranda.org\/tc\/wp-content\/uploads\/2022\/03\/INTELIGENCIA_EMOCIONAL_Y_ETICA_DE_LA_RES.pdf\" class=\"pdfemb-viewer\" style=\"\" data-width=\"max\" data-height=\"max\" data-toolbar=\"top\" data-toolbar-fixed=\"on\">INTELIGENCIA_EMOCIONAL_Y_ETICA_DE_LA_RES<\/a><\/div>","protected":false},"excerpt":{"rendered":"<p>Mar\u00eda del Carmen Patricia Morales<\/p>\n","protected":false},"author":2,"featured_media":0,"comment_status":"open","ping_status":"open","sticky":false,"template":"","format":"standard","meta":{"footnotes":""},"categories":[25],"tags":[],"class_list":["post-300","post","type-post","status-publish","format-standard","hentry","category-humanismo"],"yoast_head":"<!-- This site is optimized with the Yoast SEO plugin v28.3 - https:\/\/yoast.com\/product\/yoast-seo-wordpress\/ -->\n<title>Inteligencia emocional y \u00e9tica de la responsabilidad solidaria: como contribuir hoy a una pedagog\u00eda humanizada - Cuidemos el planeta<\/title>\n<meta name=\"robots\" content=\"index, follow, max-snippet:-1, max-image-preview:large, max-video-preview:-1\" \/>\n<link rel=\"canonical\" href=\"https:\/\/www.terracuranda.org\/tc\/2022\/03\/14\/inteligencia-emocional-y-etica-de-la-responsabilidad-solidaria-como-contribuir-hoy-a-una-pedagogia-humanizada\/\" \/>\n<meta property=\"og:locale\" content=\"es_ES\" \/>\n<meta property=\"og:type\" content=\"article\" \/>\n<meta property=\"og:title\" content=\"Inteligencia emocional y \u00e9tica de la responsabilidad solidaria: como contribuir hoy a una pedagog\u00eda humanizada - Cuidemos el planeta\" \/>\n<meta property=\"og:description\" content=\"Mar\u00eda del Carmen Patricia Morales\" \/>\n<meta property=\"og:url\" content=\"https:\/\/www.terracuranda.org\/tc\/2022\/03\/14\/inteligencia-emocional-y-etica-de-la-responsabilidad-solidaria-como-contribuir-hoy-a-una-pedagogia-humanizada\/\" \/>\n<meta property=\"og:site_name\" content=\"Cuidemos el planeta\" \/>\n<meta property=\"article:published_time\" content=\"2022-03-14T01:12:32+00:00\" \/>\n<meta property=\"article:modified_time\" content=\"2024-12-31T19:49:45+00:00\" \/>\n<meta name=\"author\" content=\"Patricia Morales\" \/>\n<meta name=\"twitter:card\" content=\"summary_large_image\" \/>\n<meta name=\"twitter:label1\" content=\"Escrito por\" \/>\n\t<meta name=\"twitter:data1\" content=\"Patricia Morales\" \/>\n<script type=\"application\/ld+json\" class=\"yoast-schema-graph\">{\"@context\":\"https:\\\/\\\/schema.org\",\"@graph\":[{\"@type\":\"Article\",\"@id\":\"https:\\\/\\\/www.terracuranda.org\\\/tc\\\/2022\\\/03\\\/14\\\/inteligencia-emocional-y-etica-de-la-responsabilidad-solidaria-como-contribuir-hoy-a-una-pedagogia-humanizada\\\/#article\",\"isPartOf\":{\"@id\":\"https:\\\/\\\/www.terracuranda.org\\\/tc\\\/2022\\\/03\\\/14\\\/inteligencia-emocional-y-etica-de-la-responsabilidad-solidaria-como-contribuir-hoy-a-una-pedagogia-humanizada\\\/\"},\"author\":{\"name\":\"Patricia Morales\",\"@id\":\"https:\\\/\\\/www.terracuranda.org\\\/tc\\\/#\\\/schema\\\/person\\\/9285db7d2af8b3f1868f9c81201f009f\"},\"headline\":\"Inteligencia emocional y \u00e9tica de la responsabilidad solidaria: como contribuir hoy a una pedagog\u00eda humanizada\",\"datePublished\":\"2022-03-14T01:12:32+00:00\",\"dateModified\":\"2024-12-31T19:49:45+00:00\",\"mainEntityOfPage\":{\"@id\":\"https:\\\/\\\/www.terracuranda.org\\\/tc\\\/2022\\\/03\\\/14\\\/inteligencia-emocional-y-etica-de-la-responsabilidad-solidaria-como-contribuir-hoy-a-una-pedagogia-humanizada\\\/\"},\"wordCount\":22,\"commentCount\":0,\"publisher\":{\"@id\":\"https:\\\/\\\/www.terracuranda.org\\\/tc\\\/#organization\"},\"articleSection\":[\"Humanismo\"],\"inLanguage\":\"es\",\"potentialAction\":[{\"@type\":\"CommentAction\",\"name\":\"Comment\",\"target\":[\"https:\\\/\\\/www.terracuranda.org\\\/tc\\\/2022\\\/03\\\/14\\\/inteligencia-emocional-y-etica-de-la-responsabilidad-solidaria-como-contribuir-hoy-a-una-pedagogia-humanizada\\\/#respond\"]}]},{\"@type\":\"WebPage\",\"@id\":\"https:\\\/\\\/www.terracuranda.org\\\/tc\\\/2022\\\/03\\\/14\\\/inteligencia-emocional-y-etica-de-la-responsabilidad-solidaria-como-contribuir-hoy-a-una-pedagogia-humanizada\\\/\",\"url\":\"https:\\\/\\\/www.terracuranda.org\\\/tc\\\/2022\\\/03\\\/14\\\/inteligencia-emocional-y-etica-de-la-responsabilidad-solidaria-como-contribuir-hoy-a-una-pedagogia-humanizada\\\/\",\"name\":\"Inteligencia emocional y \u00e9tica de la responsabilidad solidaria: como contribuir hoy a una pedagog\u00eda humanizada - Cuidemos el planeta\",\"isPartOf\":{\"@id\":\"https:\\\/\\\/www.terracuranda.org\\\/tc\\\/#website\"},\"datePublished\":\"2022-03-14T01:12:32+00:00\",\"dateModified\":\"2024-12-31T19:49:45+00:00\",\"breadcrumb\":{\"@id\":\"https:\\\/\\\/www.terracuranda.org\\\/tc\\\/2022\\\/03\\\/14\\\/inteligencia-emocional-y-etica-de-la-responsabilidad-solidaria-como-contribuir-hoy-a-una-pedagogia-humanizada\\\/#breadcrumb\"},\"inLanguage\":\"es\",\"potentialAction\":[{\"@type\":\"ReadAction\",\"target\":[\"https:\\\/\\\/www.terracuranda.org\\\/tc\\\/2022\\\/03\\\/14\\\/inteligencia-emocional-y-etica-de-la-responsabilidad-solidaria-como-contribuir-hoy-a-una-pedagogia-humanizada\\\/\"]}]},{\"@type\":\"BreadcrumbList\",\"@id\":\"https:\\\/\\\/www.terracuranda.org\\\/tc\\\/2022\\\/03\\\/14\\\/inteligencia-emocional-y-etica-de-la-responsabilidad-solidaria-como-contribuir-hoy-a-una-pedagogia-humanizada\\\/#breadcrumb\",\"itemListElement\":[{\"@type\":\"ListItem\",\"position\":1,\"name\":\"Portada\",\"item\":\"https:\\\/\\\/www.terracuranda.org\\\/tc\\\/\"},{\"@type\":\"ListItem\",\"position\":2,\"name\":\"Inteligencia emocional y \u00e9tica de la responsabilidad solidaria: como contribuir hoy a una pedagog\u00eda humanizada\"}]},{\"@type\":\"WebSite\",\"@id\":\"https:\\\/\\\/www.terracuranda.org\\\/tc\\\/#website\",\"url\":\"https:\\\/\\\/www.terracuranda.org\\\/tc\\\/\",\"name\":\"Cuidemos el planeta\",\"description\":\"The Earth should be cared\",\"publisher\":{\"@id\":\"https:\\\/\\\/www.terracuranda.org\\\/tc\\\/#organization\"},\"potentialAction\":[{\"@type\":\"SearchAction\",\"target\":{\"@type\":\"EntryPoint\",\"urlTemplate\":\"https:\\\/\\\/www.terracuranda.org\\\/tc\\\/?s={search_term_string}\"},\"query-input\":{\"@type\":\"PropertyValueSpecification\",\"valueRequired\":true,\"valueName\":\"search_term_string\"}}],\"inLanguage\":\"es\"},{\"@type\":\"Organization\",\"@id\":\"https:\\\/\\\/www.terracuranda.org\\\/tc\\\/#organization\",\"name\":\"Cuidemos el planeta\",\"url\":\"https:\\\/\\\/www.terracuranda.org\\\/tc\\\/\",\"logo\":{\"@type\":\"ImageObject\",\"inLanguage\":\"es\",\"@id\":\"https:\\\/\\\/www.terracuranda.org\\\/tc\\\/#\\\/schema\\\/logo\\\/image\\\/\",\"url\":\"https:\\\/\\\/www.terracuranda.org\\\/tc\\\/wp-content\\\/uploads\\\/2021\\\/12\\\/cropped-Logo-2014-mediano-2.png\",\"contentUrl\":\"https:\\\/\\\/www.terracuranda.org\\\/tc\\\/wp-content\\\/uploads\\\/2021\\\/12\\\/cropped-Logo-2014-mediano-2.png\",\"width\":535,\"height\":395,\"caption\":\"Cuidemos el planeta\"},\"image\":{\"@id\":\"https:\\\/\\\/www.terracuranda.org\\\/tc\\\/#\\\/schema\\\/logo\\\/image\\\/\"}},{\"@type\":\"Person\",\"@id\":\"https:\\\/\\\/www.terracuranda.org\\\/tc\\\/#\\\/schema\\\/person\\\/9285db7d2af8b3f1868f9c81201f009f\",\"name\":\"Patricia Morales\",\"image\":{\"@type\":\"ImageObject\",\"inLanguage\":\"es\",\"@id\":\"https:\\\/\\\/secure.gravatar.com\\\/avatar\\\/13af84e434d293444160506c139f51c1eb931a76a65bbea9e3cbbc1a302670a7?s=96&d=mm&r=g\",\"url\":\"https:\\\/\\\/secure.gravatar.com\\\/avatar\\\/13af84e434d293444160506c139f51c1eb931a76a65bbea9e3cbbc1a302670a7?s=96&d=mm&r=g\",\"contentUrl\":\"https:\\\/\\\/secure.gravatar.com\\\/avatar\\\/13af84e434d293444160506c139f51c1eb931a76a65bbea9e3cbbc1a302670a7?s=96&d=mm&r=g\",\"caption\":\"Patricia Morales\"},\"url\":\"https:\\\/\\\/www.terracuranda.org\\\/tc\\\/author\\\/patricia\\\/\"}]}<\/script>\n<!-- \/ Yoast SEO plugin. -->","yoast_head_json":{"title":"Inteligencia emocional y \u00e9tica de la responsabilidad solidaria: como contribuir hoy a una pedagog\u00eda humanizada - Cuidemos el planeta","robots":{"index":"index","follow":"follow","max-snippet":"max-snippet:-1","max-image-preview":"max-image-preview:large","max-video-preview":"max-video-preview:-1"},"canonical":"https:\/\/www.terracuranda.org\/tc\/2022\/03\/14\/inteligencia-emocional-y-etica-de-la-responsabilidad-solidaria-como-contribuir-hoy-a-una-pedagogia-humanizada\/","og_locale":"es_ES","og_type":"article","og_title":"Inteligencia emocional y \u00e9tica de la responsabilidad solidaria: como contribuir hoy a una pedagog\u00eda humanizada - Cuidemos el planeta","og_description":"Mar\u00eda del Carmen Patricia Morales","og_url":"https:\/\/www.terracuranda.org\/tc\/2022\/03\/14\/inteligencia-emocional-y-etica-de-la-responsabilidad-solidaria-como-contribuir-hoy-a-una-pedagogia-humanizada\/","og_site_name":"Cuidemos el planeta","article_published_time":"2022-03-14T01:12:32+00:00","article_modified_time":"2024-12-31T19:49:45+00:00","author":"Patricia Morales","twitter_card":"summary_large_image","twitter_misc":{"Escrito por":"Patricia Morales"},"schema":{"@context":"https:\/\/schema.org","@graph":[{"@type":"Article","@id":"https:\/\/www.terracuranda.org\/tc\/2022\/03\/14\/inteligencia-emocional-y-etica-de-la-responsabilidad-solidaria-como-contribuir-hoy-a-una-pedagogia-humanizada\/#article","isPartOf":{"@id":"https:\/\/www.terracuranda.org\/tc\/2022\/03\/14\/inteligencia-emocional-y-etica-de-la-responsabilidad-solidaria-como-contribuir-hoy-a-una-pedagogia-humanizada\/"},"author":{"name":"Patricia Morales","@id":"https:\/\/www.terracuranda.org\/tc\/#\/schema\/person\/9285db7d2af8b3f1868f9c81201f009f"},"headline":"Inteligencia emocional y \u00e9tica de la responsabilidad solidaria: como contribuir hoy a una pedagog\u00eda humanizada","datePublished":"2022-03-14T01:12:32+00:00","dateModified":"2024-12-31T19:49:45+00:00","mainEntityOfPage":{"@id":"https:\/\/www.terracuranda.org\/tc\/2022\/03\/14\/inteligencia-emocional-y-etica-de-la-responsabilidad-solidaria-como-contribuir-hoy-a-una-pedagogia-humanizada\/"},"wordCount":22,"commentCount":0,"publisher":{"@id":"https:\/\/www.terracuranda.org\/tc\/#organization"},"articleSection":["Humanismo"],"inLanguage":"es","potentialAction":[{"@type":"CommentAction","name":"Comment","target":["https:\/\/www.terracuranda.org\/tc\/2022\/03\/14\/inteligencia-emocional-y-etica-de-la-responsabilidad-solidaria-como-contribuir-hoy-a-una-pedagogia-humanizada\/#respond"]}]},{"@type":"WebPage","@id":"https:\/\/www.terracuranda.org\/tc\/2022\/03\/14\/inteligencia-emocional-y-etica-de-la-responsabilidad-solidaria-como-contribuir-hoy-a-una-pedagogia-humanizada\/","url":"https:\/\/www.terracuranda.org\/tc\/2022\/03\/14\/inteligencia-emocional-y-etica-de-la-responsabilidad-solidaria-como-contribuir-hoy-a-una-pedagogia-humanizada\/","name":"Inteligencia emocional y \u00e9tica de la responsabilidad solidaria: como contribuir hoy a una pedagog\u00eda humanizada - Cuidemos el planeta","isPartOf":{"@id":"https:\/\/www.terracuranda.org\/tc\/#website"},"datePublished":"2022-03-14T01:12:32+00:00","dateModified":"2024-12-31T19:49:45+00:00","breadcrumb":{"@id":"https:\/\/www.terracuranda.org\/tc\/2022\/03\/14\/inteligencia-emocional-y-etica-de-la-responsabilidad-solidaria-como-contribuir-hoy-a-una-pedagogia-humanizada\/#breadcrumb"},"inLanguage":"es","potentialAction":[{"@type":"ReadAction","target":["https:\/\/www.terracuranda.org\/tc\/2022\/03\/14\/inteligencia-emocional-y-etica-de-la-responsabilidad-solidaria-como-contribuir-hoy-a-una-pedagogia-humanizada\/"]}]},{"@type":"BreadcrumbList","@id":"https:\/\/www.terracuranda.org\/tc\/2022\/03\/14\/inteligencia-emocional-y-etica-de-la-responsabilidad-solidaria-como-contribuir-hoy-a-una-pedagogia-humanizada\/#breadcrumb","itemListElement":[{"@type":"ListItem","position":1,"name":"Portada","item":"https:\/\/www.terracuranda.org\/tc\/"},{"@type":"ListItem","position":2,"name":"Inteligencia emocional y \u00e9tica de la responsabilidad solidaria: como contribuir hoy a una pedagog\u00eda humanizada"}]},{"@type":"WebSite","@id":"https:\/\/www.terracuranda.org\/tc\/#website","url":"https:\/\/www.terracuranda.org\/tc\/","name":"Cuidemos el planeta","description":"The Earth should be cared","publisher":{"@id":"https:\/\/www.terracuranda.org\/tc\/#organization"},"potentialAction":[{"@type":"SearchAction","target":{"@type":"EntryPoint","urlTemplate":"https:\/\/www.terracuranda.org\/tc\/?s={search_term_string}"},"query-input":{"@type":"PropertyValueSpecification","valueRequired":true,"valueName":"search_term_string"}}],"inLanguage":"es"},{"@type":"Organization","@id":"https:\/\/www.terracuranda.org\/tc\/#organization","name":"Cuidemos el planeta","url":"https:\/\/www.terracuranda.org\/tc\/","logo":{"@type":"ImageObject","inLanguage":"es","@id":"https:\/\/www.terracuranda.org\/tc\/#\/schema\/logo\/image\/","url":"https:\/\/www.terracuranda.org\/tc\/wp-content\/uploads\/2021\/12\/cropped-Logo-2014-mediano-2.png","contentUrl":"https:\/\/www.terracuranda.org\/tc\/wp-content\/uploads\/2021\/12\/cropped-Logo-2014-mediano-2.png","width":535,"height":395,"caption":"Cuidemos el planeta"},"image":{"@id":"https:\/\/www.terracuranda.org\/tc\/#\/schema\/logo\/image\/"}},{"@type":"Person","@id":"https:\/\/www.terracuranda.org\/tc\/#\/schema\/person\/9285db7d2af8b3f1868f9c81201f009f","name":"Patricia Morales","image":{"@type":"ImageObject","inLanguage":"es","@id":"https:\/\/secure.gravatar.com\/avatar\/13af84e434d293444160506c139f51c1eb931a76a65bbea9e3cbbc1a302670a7?s=96&d=mm&r=g","url":"https:\/\/secure.gravatar.com\/avatar\/13af84e434d293444160506c139f51c1eb931a76a65bbea9e3cbbc1a302670a7?s=96&d=mm&r=g","contentUrl":"https:\/\/secure.gravatar.com\/avatar\/13af84e434d293444160506c139f51c1eb931a76a65bbea9e3cbbc1a302670a7?s=96&d=mm&r=g","caption":"Patricia Morales"},"url":"https:\/\/www.terracuranda.org\/tc\/author\/patricia\/"}]}},"_links":{"self":[{"href":"https:\/\/www.terracuranda.org\/tc\/wp-json\/wp\/v2\/posts\/300","targetHints":{"allow":["GET"]}}],"collection":[{"href":"https:\/\/www.terracuranda.org\/tc\/wp-json\/wp\/v2\/posts"}],"about":[{"href":"https:\/\/www.terracuranda.org\/tc\/wp-json\/wp\/v2\/types\/post"}],"author":[{"embeddable":true,"href":"https:\/\/www.terracuranda.org\/tc\/wp-json\/wp\/v2\/users\/2"}],"replies":[{"embeddable":true,"href":"https:\/\/www.terracuranda.org\/tc\/wp-json\/wp\/v2\/comments?post=300"}],"version-history":[{"count":3,"href":"https:\/\/www.terracuranda.org\/tc\/wp-json\/wp\/v2\/posts\/300\/revisions"}],"predecessor-version":[{"id":916,"href":"https:\/\/www.terracuranda.org\/tc\/wp-json\/wp\/v2\/posts\/300\/revisions\/916"}],"wp:attachment":[{"href":"https:\/\/www.terracuranda.org\/tc\/wp-json\/wp\/v2\/media?parent=300"}],"wp:term":[{"taxonomy":"category","embeddable":true,"href":"https:\/\/www.terracuranda.org\/tc\/wp-json\/wp\/v2\/categories?post=300"},{"taxonomy":"post_tag","embeddable":true,"href":"https:\/\/www.terracuranda.org\/tc\/wp-json\/wp\/v2\/tags?post=300"}],"curies":[{"name":"wp","href":"https:\/\/api.w.org\/{rel}","templated":true}]}}