{"id":778,"date":"2024-05-18T19:00:56","date_gmt":"2024-05-18T19:00:56","guid":{"rendered":"https:\/\/www.terracuranda.org\/tc\/?p=778"},"modified":"2026-07-26T15:41:01","modified_gmt":"2026-07-26T15:41:01","slug":"del-homo-erectus-a-la-agricultura-factores-evolutivos-y-ambientales-2","status":"publish","type":"post","link":"https:\/\/www.terracuranda.org\/tc\/2024\/05\/18\/del-homo-erectus-a-la-agricultura-factores-evolutivos-y-ambientales-2\/","title":{"rendered":"Clima, impacto humano y biomas"},"content":{"rendered":"\n<p class=\"wp-block-paragraph\">Este trabajo ofrece un an\u00e1lisis detallado de los factores clim\u00e1ticos, el impacto humano en el clima y la diversidad de biomas. Los temas principales incluyen:<\/p>\n\n\n\n<ol class=\"wp-block-list\">\n<li><strong>Clima y tiempo meteorol\u00f3gico<\/strong>:\n<ul class=\"wp-block-list\">\n<li><strong>Definici\u00f3n y diferencias<\/strong>: Explica la diferencia entre clima y tiempo meteorol\u00f3gico, destacando que el clima es el promedio de las condiciones atmosf\u00e9ricas a largo plazo, mientras que el tiempo se refiere a las condiciones atmosf\u00e9ricas en un momento espec\u00edfico.<\/li>\n\n\n\n<li><strong>Climograma<\/strong>: Herramienta gr\u00e1fica que muestra la temperatura y precipitaci\u00f3n promedio de una regi\u00f3n a lo largo de un a\u00f1o.<\/li>\n\n\n\n<li><strong>Elementos del clima<\/strong>: Incluye temperatura, precipitaci\u00f3n, humedad, presi\u00f3n atmosf\u00e9rica y viento, y sus instrumentos de medici\u00f3n (term\u00f3metro, pluvi\u00f3metro, higr\u00f3metro, bar\u00f3metro, anem\u00f3metro).<\/li>\n<\/ul>\n<\/li>\n\n\n\n<li><strong>Variables geogr\u00e1ficas relacionadas con el clima<\/strong>:\n<ul class=\"wp-block-list\">\n<li><strong>Latitud, altitud, corrientes marinas y relieve<\/strong>: C\u00f3mo estas variables afectan las condiciones clim\u00e1ticas de una regi\u00f3n.<\/li>\n<\/ul>\n<\/li>\n\n\n\n<li><strong>Movimientos de la Tierra<\/strong>:\n<ul class=\"wp-block-list\">\n<li><strong>Rotaci\u00f3n y traslaci\u00f3n<\/strong>: Influencia de estos movimientos en la sucesi\u00f3n de estaciones y la distribuci\u00f3n de la radiaci\u00f3n solar.<\/li>\n<\/ul>\n<\/li>\n\n\n\n<li><strong>Fuerza de Coriolis y formaci\u00f3n de los vientos<\/strong>:\n<ul class=\"wp-block-list\">\n<li><strong>Efecto inercial<\/strong>: C\u00f3mo la rotaci\u00f3n de la Tierra afecta la direcci\u00f3n de los vientos y las corrientes oce\u00e1nicas.<\/li>\n<\/ul>\n<\/li>\n\n\n\n<li><strong>Biomas<\/strong>:\n<ul class=\"wp-block-list\">\n<li><strong>Biomas terrestres<\/strong>: Descripci\u00f3n de bosques tropicales, bosques templados, bosques boreales (taiga), sabanas, desiertos, praderas (pastizales templados) y tundra.<\/li>\n\n\n\n<li><strong>Caracter\u00edsticas y biodiversidad<\/strong>: Adaptaciones de flora y fauna a las condiciones espec\u00edficas de cada bioma.<\/li>\n<\/ul>\n<\/li>\n\n\n\n<li><strong>Fen\u00f3menos de cambios ambientales regionales y globales de origen antropog\u00e9nico<\/strong>:\n<ul class=\"wp-block-list\">\n<li><strong>Calentamiento global y efecto invernadero<\/strong>: Incremento de gases de efecto invernadero debido a actividades humanas y sus consecuencias en el clima global.<\/li>\n\n\n\n<li><strong>Agujero de ozono<\/strong>: Disminuci\u00f3n de la concentraci\u00f3n de ozono en la estrat\u00f3sfera, especialmente sobre la Ant\u00e1rtida, y los efectos nocivos de la radiaci\u00f3n ultravioleta.<\/li>\n\n\n\n<li><strong>Deposici\u00f3n \u00e1cida<\/strong>: Precipitaci\u00f3n de sustancias \u00e1cidas provenientes de la atm\u00f3sfera, sus causas y efectos sobre el medio ambiente.<\/li>\n<\/ul>\n<\/li>\n<\/ol>\n\n\n\n<p class=\"wp-block-paragraph\">El trabajo subraya la importancia de comprender la interacci\u00f3n entre el clima y los ecosistemas, as\u00ed como el impacto de las actividades humanas en el medio ambiente, enfatizando la necesidad de conservar y proteger los biomas y mitigar el cambio clim\u00e1tico.<\/p>\n\n\n\n<p class=\"wp-block-paragraph\">DOI: 10.5281\/zenodo.11203779 &#8211; <a href=\"https:\/\/www.terracuranda.org\/tc\/wp-content\/uploads\/2024\/05\/Clima-impacto-humano-y-biomas.pdf\" target=\"_blank\" rel=\"noreferrer noopener\">Descargar PDF<\/a><\/p>\n\n\n<div class=\"wp-block-pdfemb-pdf-embedder-viewer\"><a href=\"https:\/\/www.terracuranda.org\/tc\/wp-content\/uploads\/2024\/05\/Clima-impacto-humano-y-biomas.pdf\" class=\"pdfemb-viewer\" style=\"\" data-width=\"max\" data-height=\"max\" data-toolbar=\"top\" data-toolbar-fixed=\"on\">Clima-impacto-humano-y-biomas<\/a><\/div>","protected":false},"excerpt":{"rendered":"<p>Este trabajo ofrece un an\u00e1lisis detallado de los factores clim\u00e1ticos, el impacto humano en el clima y la diversidad de biomas. Los temas principales incluyen: El trabajo subraya la importancia de comprender la interacci\u00f3n entre el clima y los ecosistemas, as\u00ed como el impacto de las actividades humanas en el medio ambiente, enfatizando la necesidad [&hellip;]<\/p>\n","protected":false},"author":3,"featured_media":0,"comment_status":"closed","ping_status":"open","sticky":false,"template":"","format":"standard","meta":{"footnotes":""},"categories":[22,29],"tags":[],"class_list":["post-778","post","type-post","status-publish","format-standard","hentry","category-ciencia","category-ecologia-y-conservacion"],"yoast_head":"<!-- This site is optimized with the Yoast SEO plugin v28.3 - https:\/\/yoast.com\/product\/yoast-seo-wordpress\/ -->\n<title>Clima, impacto humano y biomas - Cuidemos el planeta<\/title>\n<meta name=\"robots\" content=\"index, follow, max-snippet:-1, max-image-preview:large, max-video-preview:-1\" \/>\n<link rel=\"canonical\" href=\"https:\/\/www.terracuranda.org\/tc\/2024\/05\/18\/del-homo-erectus-a-la-agricultura-factores-evolutivos-y-ambientales-2\/\" \/>\n<meta property=\"og:locale\" content=\"es_ES\" \/>\n<meta property=\"og:type\" content=\"article\" \/>\n<meta property=\"og:title\" content=\"Clima, impacto humano y biomas - Cuidemos el planeta\" \/>\n<meta property=\"og:description\" content=\"Este trabajo ofrece un an\u00e1lisis detallado de los factores clim\u00e1ticos, el impacto humano en el clima y la diversidad de biomas. Los temas principales incluyen: El trabajo subraya la importancia de comprender la interacci\u00f3n entre el clima y los ecosistemas, as\u00ed como el impacto de las actividades humanas en el medio ambiente, enfatizando la necesidad [&hellip;]\" \/>\n<meta property=\"og:url\" content=\"https:\/\/www.terracuranda.org\/tc\/2024\/05\/18\/del-homo-erectus-a-la-agricultura-factores-evolutivos-y-ambientales-2\/\" \/>\n<meta property=\"og:site_name\" content=\"Cuidemos el planeta\" \/>\n<meta property=\"article:published_time\" content=\"2024-05-18T19:00:56+00:00\" \/>\n<meta property=\"article:modified_time\" content=\"2026-07-26T15:41:01+00:00\" \/>\n<meta name=\"author\" content=\"Marcelo Morales Yokobori\" \/>\n<meta name=\"twitter:card\" content=\"summary_large_image\" \/>\n<meta name=\"twitter:label1\" content=\"Escrito por\" \/>\n\t<meta name=\"twitter:data1\" content=\"Marcelo Morales Yokobori\" \/>\n\t<meta name=\"twitter:label2\" content=\"Tiempo de lectura\" \/>\n\t<meta name=\"twitter:data2\" content=\"2 minutos\" \/>\n<script type=\"application\/ld+json\" class=\"yoast-schema-graph\">{\"@context\":\"https:\\\/\\\/schema.org\",\"@graph\":[{\"@type\":\"Article\",\"@id\":\"https:\\\/\\\/www.terracuranda.org\\\/tc\\\/2024\\\/05\\\/18\\\/del-homo-erectus-a-la-agricultura-factores-evolutivos-y-ambientales-2\\\/#article\",\"isPartOf\":{\"@id\":\"https:\\\/\\\/www.terracuranda.org\\\/tc\\\/2024\\\/05\\\/18\\\/del-homo-erectus-a-la-agricultura-factores-evolutivos-y-ambientales-2\\\/\"},\"author\":{\"name\":\"Marcelo Morales Yokobori\",\"@id\":\"https:\\\/\\\/www.terracuranda.org\\\/tc\\\/#\\\/schema\\\/person\\\/54b45e86221dde79672447cb56ba2d20\"},\"headline\":\"Clima, impacto humano y biomas\",\"datePublished\":\"2024-05-18T19:00:56+00:00\",\"dateModified\":\"2026-07-26T15:41:01+00:00\",\"mainEntityOfPage\":{\"@id\":\"https:\\\/\\\/www.terracuranda.org\\\/tc\\\/2024\\\/05\\\/18\\\/del-homo-erectus-a-la-agricultura-factores-evolutivos-y-ambientales-2\\\/\"},\"wordCount\":388,\"publisher\":{\"@id\":\"https:\\\/\\\/www.terracuranda.org\\\/tc\\\/#organization\"},\"articleSection\":[\"Ciencia\",\"Ecolog\u00eda y conservaci\u00f3n\"],\"inLanguage\":\"es\"},{\"@type\":\"WebPage\",\"@id\":\"https:\\\/\\\/www.terracuranda.org\\\/tc\\\/2024\\\/05\\\/18\\\/del-homo-erectus-a-la-agricultura-factores-evolutivos-y-ambientales-2\\\/\",\"url\":\"https:\\\/\\\/www.terracuranda.org\\\/tc\\\/2024\\\/05\\\/18\\\/del-homo-erectus-a-la-agricultura-factores-evolutivos-y-ambientales-2\\\/\",\"name\":\"Clima, impacto humano y biomas - Cuidemos el planeta\",\"isPartOf\":{\"@id\":\"https:\\\/\\\/www.terracuranda.org\\\/tc\\\/#website\"},\"datePublished\":\"2024-05-18T19:00:56+00:00\",\"dateModified\":\"2026-07-26T15:41:01+00:00\",\"breadcrumb\":{\"@id\":\"https:\\\/\\\/www.terracuranda.org\\\/tc\\\/2024\\\/05\\\/18\\\/del-homo-erectus-a-la-agricultura-factores-evolutivos-y-ambientales-2\\\/#breadcrumb\"},\"inLanguage\":\"es\",\"potentialAction\":[{\"@type\":\"ReadAction\",\"target\":[\"https:\\\/\\\/www.terracuranda.org\\\/tc\\\/2024\\\/05\\\/18\\\/del-homo-erectus-a-la-agricultura-factores-evolutivos-y-ambientales-2\\\/\"]}]},{\"@type\":\"BreadcrumbList\",\"@id\":\"https:\\\/\\\/www.terracuranda.org\\\/tc\\\/2024\\\/05\\\/18\\\/del-homo-erectus-a-la-agricultura-factores-evolutivos-y-ambientales-2\\\/#breadcrumb\",\"itemListElement\":[{\"@type\":\"ListItem\",\"position\":1,\"name\":\"Portada\",\"item\":\"https:\\\/\\\/www.terracuranda.org\\\/tc\\\/\"},{\"@type\":\"ListItem\",\"position\":2,\"name\":\"Clima, impacto humano y biomas\"}]},{\"@type\":\"WebSite\",\"@id\":\"https:\\\/\\\/www.terracuranda.org\\\/tc\\\/#website\",\"url\":\"https:\\\/\\\/www.terracuranda.org\\\/tc\\\/\",\"name\":\"Cuidemos el planeta\",\"description\":\"The Earth should be cared\",\"publisher\":{\"@id\":\"https:\\\/\\\/www.terracuranda.org\\\/tc\\\/#organization\"},\"potentialAction\":[{\"@type\":\"SearchAction\",\"target\":{\"@type\":\"EntryPoint\",\"urlTemplate\":\"https:\\\/\\\/www.terracuranda.org\\\/tc\\\/?s={search_term_string}\"},\"query-input\":{\"@type\":\"PropertyValueSpecification\",\"valueRequired\":true,\"valueName\":\"search_term_string\"}}],\"inLanguage\":\"es\"},{\"@type\":\"Organization\",\"@id\":\"https:\\\/\\\/www.terracuranda.org\\\/tc\\\/#organization\",\"name\":\"Cuidemos el planeta\",\"url\":\"https:\\\/\\\/www.terracuranda.org\\\/tc\\\/\",\"logo\":{\"@type\":\"ImageObject\",\"inLanguage\":\"es\",\"@id\":\"https:\\\/\\\/www.terracuranda.org\\\/tc\\\/#\\\/schema\\\/logo\\\/image\\\/\",\"url\":\"https:\\\/\\\/www.terracuranda.org\\\/tc\\\/wp-content\\\/uploads\\\/2021\\\/12\\\/cropped-Logo-2014-mediano-2.png\",\"contentUrl\":\"https:\\\/\\\/www.terracuranda.org\\\/tc\\\/wp-content\\\/uploads\\\/2021\\\/12\\\/cropped-Logo-2014-mediano-2.png\",\"width\":535,\"height\":395,\"caption\":\"Cuidemos el planeta\"},\"image\":{\"@id\":\"https:\\\/\\\/www.terracuranda.org\\\/tc\\\/#\\\/schema\\\/logo\\\/image\\\/\"}},{\"@type\":\"Person\",\"@id\":\"https:\\\/\\\/www.terracuranda.org\\\/tc\\\/#\\\/schema\\\/person\\\/54b45e86221dde79672447cb56ba2d20\",\"name\":\"Marcelo Morales Yokobori\",\"image\":{\"@type\":\"ImageObject\",\"inLanguage\":\"es\",\"@id\":\"https:\\\/\\\/secure.gravatar.com\\\/avatar\\\/b3fbf690a47858d13018807755a9ba391b5ea0b4fde4d6fdc576802d8f8f4396?s=96&d=mm&r=g\",\"url\":\"https:\\\/\\\/secure.gravatar.com\\\/avatar\\\/b3fbf690a47858d13018807755a9ba391b5ea0b4fde4d6fdc576802d8f8f4396?s=96&d=mm&r=g\",\"contentUrl\":\"https:\\\/\\\/secure.gravatar.com\\\/avatar\\\/b3fbf690a47858d13018807755a9ba391b5ea0b4fde4d6fdc576802d8f8f4396?s=96&d=mm&r=g\",\"caption\":\"Marcelo Morales Yokobori\"},\"sameAs\":[\"http:\\\/\\\/www.terracuranda.org\\\/tc\"],\"url\":\"https:\\\/\\\/www.terracuranda.org\\\/tc\\\/author\\\/marcelo\\\/\"}]}<\/script>\n<!-- \/ Yoast SEO plugin. -->","yoast_head_json":{"title":"Clima, impacto humano y biomas - Cuidemos el planeta","robots":{"index":"index","follow":"follow","max-snippet":"max-snippet:-1","max-image-preview":"max-image-preview:large","max-video-preview":"max-video-preview:-1"},"canonical":"https:\/\/www.terracuranda.org\/tc\/2024\/05\/18\/del-homo-erectus-a-la-agricultura-factores-evolutivos-y-ambientales-2\/","og_locale":"es_ES","og_type":"article","og_title":"Clima, impacto humano y biomas - Cuidemos el planeta","og_description":"Este trabajo ofrece un an\u00e1lisis detallado de los factores clim\u00e1ticos, el impacto humano en el clima y la diversidad de biomas. Los temas principales incluyen: El trabajo subraya la importancia de comprender la interacci\u00f3n entre el clima y los ecosistemas, as\u00ed como el impacto de las actividades humanas en el medio ambiente, enfatizando la necesidad [&hellip;]","og_url":"https:\/\/www.terracuranda.org\/tc\/2024\/05\/18\/del-homo-erectus-a-la-agricultura-factores-evolutivos-y-ambientales-2\/","og_site_name":"Cuidemos el planeta","article_published_time":"2024-05-18T19:00:56+00:00","article_modified_time":"2026-07-26T15:41:01+00:00","author":"Marcelo Morales Yokobori","twitter_card":"summary_large_image","twitter_misc":{"Escrito por":"Marcelo Morales Yokobori","Tiempo de lectura":"2 minutos"},"schema":{"@context":"https:\/\/schema.org","@graph":[{"@type":"Article","@id":"https:\/\/www.terracuranda.org\/tc\/2024\/05\/18\/del-homo-erectus-a-la-agricultura-factores-evolutivos-y-ambientales-2\/#article","isPartOf":{"@id":"https:\/\/www.terracuranda.org\/tc\/2024\/05\/18\/del-homo-erectus-a-la-agricultura-factores-evolutivos-y-ambientales-2\/"},"author":{"name":"Marcelo Morales Yokobori","@id":"https:\/\/www.terracuranda.org\/tc\/#\/schema\/person\/54b45e86221dde79672447cb56ba2d20"},"headline":"Clima, impacto humano y biomas","datePublished":"2024-05-18T19:00:56+00:00","dateModified":"2026-07-26T15:41:01+00:00","mainEntityOfPage":{"@id":"https:\/\/www.terracuranda.org\/tc\/2024\/05\/18\/del-homo-erectus-a-la-agricultura-factores-evolutivos-y-ambientales-2\/"},"wordCount":388,"publisher":{"@id":"https:\/\/www.terracuranda.org\/tc\/#organization"},"articleSection":["Ciencia","Ecolog\u00eda y conservaci\u00f3n"],"inLanguage":"es"},{"@type":"WebPage","@id":"https:\/\/www.terracuranda.org\/tc\/2024\/05\/18\/del-homo-erectus-a-la-agricultura-factores-evolutivos-y-ambientales-2\/","url":"https:\/\/www.terracuranda.org\/tc\/2024\/05\/18\/del-homo-erectus-a-la-agricultura-factores-evolutivos-y-ambientales-2\/","name":"Clima, impacto humano y biomas - Cuidemos el planeta","isPartOf":{"@id":"https:\/\/www.terracuranda.org\/tc\/#website"},"datePublished":"2024-05-18T19:00:56+00:00","dateModified":"2026-07-26T15:41:01+00:00","breadcrumb":{"@id":"https:\/\/www.terracuranda.org\/tc\/2024\/05\/18\/del-homo-erectus-a-la-agricultura-factores-evolutivos-y-ambientales-2\/#breadcrumb"},"inLanguage":"es","potentialAction":[{"@type":"ReadAction","target":["https:\/\/www.terracuranda.org\/tc\/2024\/05\/18\/del-homo-erectus-a-la-agricultura-factores-evolutivos-y-ambientales-2\/"]}]},{"@type":"BreadcrumbList","@id":"https:\/\/www.terracuranda.org\/tc\/2024\/05\/18\/del-homo-erectus-a-la-agricultura-factores-evolutivos-y-ambientales-2\/#breadcrumb","itemListElement":[{"@type":"ListItem","position":1,"name":"Portada","item":"https:\/\/www.terracuranda.org\/tc\/"},{"@type":"ListItem","position":2,"name":"Clima, impacto humano y biomas"}]},{"@type":"WebSite","@id":"https:\/\/www.terracuranda.org\/tc\/#website","url":"https:\/\/www.terracuranda.org\/tc\/","name":"Cuidemos el planeta","description":"The Earth should be cared","publisher":{"@id":"https:\/\/www.terracuranda.org\/tc\/#organization"},"potentialAction":[{"@type":"SearchAction","target":{"@type":"EntryPoint","urlTemplate":"https:\/\/www.terracuranda.org\/tc\/?s={search_term_string}"},"query-input":{"@type":"PropertyValueSpecification","valueRequired":true,"valueName":"search_term_string"}}],"inLanguage":"es"},{"@type":"Organization","@id":"https:\/\/www.terracuranda.org\/tc\/#organization","name":"Cuidemos el planeta","url":"https:\/\/www.terracuranda.org\/tc\/","logo":{"@type":"ImageObject","inLanguage":"es","@id":"https:\/\/www.terracuranda.org\/tc\/#\/schema\/logo\/image\/","url":"https:\/\/www.terracuranda.org\/tc\/wp-content\/uploads\/2021\/12\/cropped-Logo-2014-mediano-2.png","contentUrl":"https:\/\/www.terracuranda.org\/tc\/wp-content\/uploads\/2021\/12\/cropped-Logo-2014-mediano-2.png","width":535,"height":395,"caption":"Cuidemos el planeta"},"image":{"@id":"https:\/\/www.terracuranda.org\/tc\/#\/schema\/logo\/image\/"}},{"@type":"Person","@id":"https:\/\/www.terracuranda.org\/tc\/#\/schema\/person\/54b45e86221dde79672447cb56ba2d20","name":"Marcelo Morales Yokobori","image":{"@type":"ImageObject","inLanguage":"es","@id":"https:\/\/secure.gravatar.com\/avatar\/b3fbf690a47858d13018807755a9ba391b5ea0b4fde4d6fdc576802d8f8f4396?s=96&d=mm&r=g","url":"https:\/\/secure.gravatar.com\/avatar\/b3fbf690a47858d13018807755a9ba391b5ea0b4fde4d6fdc576802d8f8f4396?s=96&d=mm&r=g","contentUrl":"https:\/\/secure.gravatar.com\/avatar\/b3fbf690a47858d13018807755a9ba391b5ea0b4fde4d6fdc576802d8f8f4396?s=96&d=mm&r=g","caption":"Marcelo Morales Yokobori"},"sameAs":["http:\/\/www.terracuranda.org\/tc"],"url":"https:\/\/www.terracuranda.org\/tc\/author\/marcelo\/"}]}},"_links":{"self":[{"href":"https:\/\/www.terracuranda.org\/tc\/wp-json\/wp\/v2\/posts\/778","targetHints":{"allow":["GET"]}}],"collection":[{"href":"https:\/\/www.terracuranda.org\/tc\/wp-json\/wp\/v2\/posts"}],"about":[{"href":"https:\/\/www.terracuranda.org\/tc\/wp-json\/wp\/v2\/types\/post"}],"author":[{"embeddable":true,"href":"https:\/\/www.terracuranda.org\/tc\/wp-json\/wp\/v2\/users\/3"}],"replies":[{"embeddable":true,"href":"https:\/\/www.terracuranda.org\/tc\/wp-json\/wp\/v2\/comments?post=778"}],"version-history":[{"count":20,"href":"https:\/\/www.terracuranda.org\/tc\/wp-json\/wp\/v2\/posts\/778\/revisions"}],"predecessor-version":[{"id":956,"href":"https:\/\/www.terracuranda.org\/tc\/wp-json\/wp\/v2\/posts\/778\/revisions\/956"}],"wp:attachment":[{"href":"https:\/\/www.terracuranda.org\/tc\/wp-json\/wp\/v2\/media?parent=778"}],"wp:term":[{"taxonomy":"category","embeddable":true,"href":"https:\/\/www.terracuranda.org\/tc\/wp-json\/wp\/v2\/categories?post=778"},{"taxonomy":"post_tag","embeddable":true,"href":"https:\/\/www.terracuranda.org\/tc\/wp-json\/wp\/v2\/tags?post=778"}],"curies":[{"name":"wp","href":"https:\/\/api.w.org\/{rel}","templated":true}]}}